[{"@context":"https:\/\/schema.org\/","@type":"Article","@id":"https:\/\/www.vitka.cz\/deti-a-prazdniny\/#Article","mainEntityOfPage":"https:\/\/www.vitka.cz\/deti-a-prazdniny\/","headline":"D\u011bti a pr\u00e1zdniny","name":"D\u011bti a pr\u00e1zdniny","description":"Jakmile nastane obdob\u00ed pr\u00e1zdnin, je na rodi\u010d\u00edch, aby vymysleli program pro sv\u00e9 d\u011bti. Je pot\u0159eba po\u010d\u00edtat s\u00a0t\u00edm, \u017ee jsou zav\u0159en\u00e9 nejen \u0161koly, ale tak\u00e9 mnoh\u00e9&hellip;","datePublished":"2021-09-12","dateModified":"2023-06-08","author":{"@type":"Person","@id":"https:\/\/www.vitka.cz\/author\/#Person","name":"","url":"https:\/\/www.vitka.cz\/author\/","identifier":1,"image":{"@type":"ImageObject","@id":"https:\/\/secure.gravatar.com\/avatar\/4faace62981be50719be6a25151192978e6d585737a520836dcb98934de3bb45?s=96&d=mm&r=g","url":"https:\/\/secure.gravatar.com\/avatar\/4faace62981be50719be6a25151192978e6d585737a520836dcb98934de3bb45?s=96&d=mm&r=g","height":96,"width":96}},"publisher":{"@type":"Organization","name":"vitka.cz","logo":{"@type":"ImageObject","@id":"\/logo.png","url":"\/logo.png","width":600,"height":60}},"image":{"@type":"ImageObject","@id":"https:\/\/www.vitka.cz\/wp-content\/uploads\/d%C4%9Bti.JPG","url":"https:\/\/www.vitka.cz\/wp-content\/uploads\/d%C4%9Bti.JPG","height":0,"width":0},"url":"https:\/\/www.vitka.cz\/deti-a-prazdniny\/","about":["D\u011bti"],"wordCount":452,"articleBody":"Jakmile nastane obdob\u00ed pr\u00e1zdnin, je na rodi\u010d\u00edch, aby vymysleli program pro sv\u00e9 d\u011bti. Je pot\u0159eba po\u010d\u00edtat s\u00a0t\u00edm, \u017ee jsou zav\u0159en\u00e9 nejen \u0161koly, ale tak\u00e9 mnoh\u00e9 \u0161kolky. Je ale pravdou, \u017ee ka\u017ed\u00e1 \u0161kolka to m\u00e1 jinak. Jsou i takov\u00e9, kter\u00e9 maj\u00ed nap\u0159\u00edklad \u010d\u00e1st \u010dervence nebo srpna otev\u0159eno. Rodi\u010d tedy m\u016f\u017ee v\u00a0p\u0159\u00edpad\u011b, \u017ee mus\u00ed chodit do pr\u00e1ce a nem\u00e1 hl\u00edd\u00e1n\u00ed, dan\u00e9 d\u00edt\u011b um\u00edstit do \u0161kolky.Ur\u010dit\u011b je ale dobr\u00e9 p\u0159es pr\u00e1zdniny d\u011btem vymyslet n\u011bjak\u00fd v\u00fdlet, proto\u017ee je pot\u0159eba, aby d\u00edt\u011b m\u011blo co odpov\u011bd\u011bt, a\u017e se ho v\u00a0z\u00e1\u0159\u00ed n\u011bkdo zept\u00e1, kde bylo nap\u0159\u00edklad na dovolen\u00e9 nebo na v\u00fdlet\u011b a co tam vid\u011blo p\u011bkn\u00e9ho.Nen\u00ed nikde naps\u00e1no, \u017ee mus\u00edte jet s\u00a0va\u0161\u00edm d\u00edt\u011btem k\u00a0mo\u0159i, ale bylo by dobr\u00e9 podniknout n\u011bjak\u00fd v\u00fdlet alespo\u0148 po \u010cesk\u00e9 republice.\u00a0Daj\u00ed se jist\u011b vymyslet velmi p\u011bkn\u00e9 v\u00fdlety v\u00a0kraji, ve kter\u00e9m bydl\u00edte, pop\u0159\u00edpad\u011b v\u00a0kraji vedlej\u0161\u00edm. Je pot\u0159eba, abyste se n\u011bkde pod\u00edvali, proto\u017ee sami jist\u011b n\u011bco takov\u00e9ho ocen\u00edte.\u00a0Je spousta m\u00edst, kde jste jist\u011b je\u0161t\u011b nebyli a kde by se v\u00e1m mohlo l\u00edbit. Pod\u00edvejte se proto tam, kde by v\u00e1s to nap\u0159\u00edklad l\u00e1kalo.\u00a0Pokud na dan\u00e9m m\u00edst\u011b bude n\u011bco, co je ur\u010deno pro d\u011bti, nebo alespo\u0148 n\u011bjak\u00fd program, kter\u00fd bude ur\u010den d\u011btem, ur\u010dit\u011b byste m\u011bli va\u0161emu d\u00edt\u011bti povolit vyzkou\u0161et si n\u011bco takov\u00e9ho.Vymyslete i vy dobr\u00fd program na pr\u00e1zdniny, aby se va\u0161e d\u00edt\u011b nenudilo a abyste s\u00a0n\u00edm mohli str\u00e1vit co nejv\u00edce \u010dasu.Je jasn\u00e9, \u017ee p\u0159es \u0161koln\u00ed rok \u010dlov\u011bk tolik \u010dasu nem\u00e1, jako pr\u00e1v\u011b o pr\u00e1zdnin\u00e1ch. O v\u00edkendech je p\u0159es \u0161koln\u00ed rok nav\u00edc pot\u0159eba plnit dom\u00e1c\u00ed \u00fakoly, proto\u017ee bez nich to nep\u016fjde, tak\u017ee \u010dlov\u011bk nem\u00e1 a\u017e tolik \u010dasu, aby mohl s\u00a0d\u00edt\u011btem cestovat a objevovat. Na n\u011bco takov\u00e9ho je ide\u00e1ln\u00ed l\u00e9to.Pod\u00edvejte se, jak\u00e9 m\u00e1 b\u00fdt n\u00e1sleduj\u00edc\u00ed dny po\u010das\u00ed a podle toho se rozhodn\u011bte, kam s\u00a0d\u00edt\u011btem zav\u00edt\u00e1te. Jist\u011b se najde n\u011bco, co bude bavit jak v\u00e1s, tak i va\u0161e d\u00edt\u011b.\u00a0Nebojte se spole\u010dn\u011b n\u011bco podniknout, proto\u017ee z\u00e1\u017eitky jsou n\u011bco, co by m\u011bl m\u00edt rozhodn\u011b ka\u017ed\u00fd.                                                                                                                                                                                                                                                                                                                                                                                        3.7\/5 - (9 votes)        "},{"@context":"https:\/\/schema.org\/","@type":"BreadcrumbList","itemListElement":[{"@type":"ListItem","position":1,"name":"D\u011bti a pr\u00e1zdniny","item":"https:\/\/www.vitka.cz\/deti-a-prazdniny\/#breadcrumbitem"}]}]