[{"@context":"https:\/\/schema.org\/","@type":"Article","@id":"https:\/\/www.vitka.cz\/drevena-okna\/#Article","mainEntityOfPage":"https:\/\/www.vitka.cz\/drevena-okna\/","headline":"D\u0159ev\u011bn\u00e1 okna","name":"D\u0159ev\u011bn\u00e1 okna","description":"D\u0159evo je st\u00e1le obl\u00edben\u00fdm materi\u00e1lem, proto jsme si jisti, \u017ee d\u0159ev\u011bn\u00e1 okna spln\u00ed v\u0161echna va\u0161e o\u010dek\u00e1v\u00e1n\u00ed a budou m\u00edt i pat\u0159i\u010dn\u00e9 vlastnosti, kter\u00e9 po\u017eadujete. Estetick\u00fd&hellip;","datePublished":"2025-02-25","dateModified":"2025-02-25","author":{"@type":"Person","@id":"https:\/\/www.vitka.cz\/author\/#Person","name":"","url":"https:\/\/www.vitka.cz\/author\/","identifier":1,"image":{"@type":"ImageObject","@id":"https:\/\/secure.gravatar.com\/avatar\/4faace62981be50719be6a25151192978e6d585737a520836dcb98934de3bb45?s=96&d=mm&r=g","url":"https:\/\/secure.gravatar.com\/avatar\/4faace62981be50719be6a25151192978e6d585737a520836dcb98934de3bb45?s=96&d=mm&r=g","height":96,"width":96}},"publisher":{"@type":"Organization","name":"vitka.cz","logo":{"@type":"ImageObject","@id":"\/logo.png","url":"\/logo.png","width":600,"height":60}},"url":"https:\/\/www.vitka.cz\/drevena-okna\/","wordCount":193,"articleBody":"D\u0159evo je st\u00e1le obl\u00edben\u00fdm materi\u00e1lem, proto jsme si jisti, \u017ee d\u0159ev\u011bn\u00e1 okna spln\u00ed v\u0161echna va\u0161e o\u010dek\u00e1v\u00e1n\u00ed a budou m\u00edt i pat\u0159i\u010dn\u00e9 vlastnosti, kter\u00e9 po\u017eadujete. Estetick\u00fd dojem m\u016f\u017ee hr\u00e1t sice z\u00e1sadn\u00ed roli, ale ur\u010dit\u011b v\u00e1s bude tak\u00e9 zaj\u00edmat, jak\u00e9 v\u00fdhody v\u00e1m d\u0159ev\u011bn\u00e1 okna dop\u0159ej\u00ed. Jednak \u010dekejte dlouhou \u017eivotnost a mo\u017enost oprav v p\u0159\u00edpad\u011b, \u017ee by n\u00e1t\u011br ztratil na sv\u00e9m p\u016fvabu, anebo jste po letech zaznamenali jin\u00fd nedostatek. Tohle byste u\u010dinit nemohli, pokud byste zvolili okna plastov\u00e1. Ta jsou st\u00e1l\u00e1, a pokud byste pot\u0159ebovali n\u011bco opravit, mus\u00ed se m\u011bnit cel\u00e9 okno, d\u00edl\u010d\u00ed opravy mo\u017en\u00e9 nejsou. Ur\u010dit\u011b tak\u00e9 uv\u00edt\u00e1te vysokou zvukovou a tepelnou izolaci. Obra\u0165te se na n\u00e1s s dotazy Jestli\u017ee jste se rozhodli pro d\u0159ev\u011bn\u00e1 okna a chcete zjistit o na\u0161\u00ed nab\u00eddce v\u00edce a o produktu samotn\u00e9m, jsme v\u00e1m k dispozici na kontaktech uveden\u00fdch na na\u0161ich webov\u00fdch str\u00e1nk\u00e1ch.                                                                                                                                                                                                                                                                                                                                                                                                "},{"@context":"https:\/\/schema.org\/","@type":"BreadcrumbList","itemListElement":[{"@type":"ListItem","position":1,"name":"D\u0159ev\u011bn\u00e1 okna","item":"https:\/\/www.vitka.cz\/drevena-okna\/#breadcrumbitem"}]}]