[{"@context":"https:\/\/schema.org\/","@type":"Article","@id":"https:\/\/www.vitka.cz\/kultura-na-vesnicich\/#Article","mainEntityOfPage":"https:\/\/www.vitka.cz\/kultura-na-vesnicich\/","headline":"Kultura na vesnic\u00edch","name":"Kultura na vesnic\u00edch","description":"Jestli\u017ee jste si a\u017e do dne\u0161n\u00edho dne mysleli, \u017ee lid\u00e9, kte\u0159\u00ed \u017eij\u00ed na vesnic\u00edch nebo mal\u00fdch m\u011bstech ne\u017eij\u00ed kulturn\u011b, pak jste na velk\u00e9m omylu, jeliko\u017e&hellip;","datePublished":"2019-01-13","dateModified":"2023-06-08","author":{"@type":"Person","@id":"https:\/\/www.vitka.cz\/author\/#Person","name":"","url":"https:\/\/www.vitka.cz\/author\/","identifier":1,"image":{"@type":"ImageObject","@id":"https:\/\/secure.gravatar.com\/avatar\/4faace62981be50719be6a25151192978e6d585737a520836dcb98934de3bb45?s=96&d=mm&r=g","url":"https:\/\/secure.gravatar.com\/avatar\/4faace62981be50719be6a25151192978e6d585737a520836dcb98934de3bb45?s=96&d=mm&r=g","height":96,"width":96}},"publisher":{"@type":"Organization","name":"vitka.cz","logo":{"@type":"ImageObject","@id":"\/logo.png","url":"\/logo.png","width":600,"height":60}},"image":{"@type":"ImageObject","@id":"https:\/\/www.vitka.cz\/wp-content\/uploads\/img_a333468_w2100_t1546790524.jpg","url":"https:\/\/www.vitka.cz\/wp-content\/uploads\/img_a333468_w2100_t1546790524.jpg","height":0,"width":0},"url":"https:\/\/www.vitka.cz\/kultura-na-vesnicich\/","wordCount":456,"articleBody":"Jestli\u017ee jste si a\u017e do dne\u0161n\u00edho dne mysleli, \u017ee lid\u00e9, kte\u0159\u00ed \u017eij\u00ed na vesnic\u00edch nebo mal\u00fdch m\u011bstech ne\u017eij\u00ed kulturn\u011b, pak jste na velk\u00e9m omylu, jeliko\u017e opak je pravdou. Spole\u010densk\u00fd a kulturn\u00ed \u017eivot lid\u00ed na vesnic\u00edch je mnohem pest\u0159ej\u0161\u00ed ne\u017e \u017eivot lid\u00ed ve m\u011bstech. Ve m\u011bst\u011b je mo\u017en\u00e1 o n\u011bco hekti\u010dt\u011bji, ale lid\u00e9 se mezi sebou vz\u00e1jemn\u011b tolik neznaj\u00ed.Nap\u0159\u00edklad takov\u00e9 hasi\u010dsk\u00e9 nebo mysliveck\u00e9 plesy, kter\u00e9 jsou po\u0159\u00e1d\u00e1ny na vesnic\u00edch, jsou ve v\u011bt\u0161in\u011b p\u0159\u00edpad\u016f velmi veselou a hlavn\u011b obl\u00edbenou z\u00e1bavou. Mnoh\u00e9 osoby, kter\u00e9 se n\u011b\u010deho takov\u00e9ho z\u00fa\u010dastn\u00ed, maj\u00ed na tyto kulturn\u00ed akce vzpom\u00ednky je\u0161t\u011b n\u011bkolik n\u00e1sleduj\u00edc\u00edch t\u00fddn\u016f.Existuj\u00ed ale i jin\u00e9, velmi obl\u00edben\u00e9 akce, mezi kter\u00e9 pat\u0159\u00ed p\u00e1len\u00ed \u010darod\u011bjnic, rozsv\u011bcov\u00e1n\u00ed v\u00e1no\u010dn\u00edho stromu apod.Takov\u00e9 specifick\u00e9 kulturn\u00ed tradice se dodr\u017euj\u00ed zejm\u00e9na na Morav\u011b. Tato \u010d\u00e1st je toti\u017e na po\u0159\u00e1d\u00e1n\u00ed tradi\u010dn\u00edch kulturn\u00edch slavnost\u00ed jak d\u011blan\u00e1. Nejen dobr\u00e9 v\u00edno, ale i cimb\u00e1lov\u00e1 muzika, tanec nebo dob\u0159e vyuzen\u00fd \u0161pek v\u00e1s jist\u011b nenechaj\u00ed chladn\u00fdmi. Existuj\u00ed ale i jin\u00e9 hezk\u00e9 tradice, mezi kter\u00e9 pat\u0159\u00ed nap\u0159\u00edklad stav\u011bn\u00ed m\u00e1je nebo do\u017e\u00ednky.Stav\u011bn\u00ed m\u00e1je je tradic\u00ed, kter\u00e1 existuje ji\u017e n\u011bkolik tis\u00edc let. Stav\u00ed se nav\u00edc 30. dubna. Jedn\u00e1 se o den p\u00e1len\u00ed \u010darod\u011bjnic. Symbolem je p\u0159\u00edchod jara a nov\u00e9ho \u017eivota.Do\u017e\u00ednky pat\u0159\u00ed mezi historick\u00e9 kulturn\u00ed slavnosti. Poch\u00e1z\u00ed z\u00a0doby p\u0159edk\u0159es\u0165ansk\u00e9. Slavnostmi do\u017e\u00ednek se v\u017edy ukon\u010duje sez\u00f3na sklizn\u011b obil\u00ed. Jedn\u00e1 se o slavnosti, kter\u00e9 jsou pojaty jako pod\u011bkov\u00e1n\u00ed p\u0159\u00edrod\u011b. K\u00a0t\u011bmto slavnostem pat\u0159\u00ed i pleten\u00ed v\u011bnc\u016f ze sl\u00e1my nebo pe\u010den\u00ed kol\u00e1\u010d\u016f.Velmi zn\u00e1m\u00fd je tak\u00e9 masopust. Ten je hojn\u011b dodr\u017eov\u00e1n a je pova\u017eov\u00e1n za obl\u00edbenou kulturn\u00ed akci. Je obl\u00edben zejm\u00e9na kv\u016fli vesel\u00e9mu pojet\u00ed. Pat\u0159\u00ed k\u00a0n\u011bmu dobr\u00e9 j\u00eddlo, pit\u00ed nebo karnevalov\u00e9 p\u0159evleky. D\u0159\u00edve bylo mo\u017en\u00e9 vid\u011bt masopustn\u00ed pr\u016fvod pouze na vs\u00edch, ale v\u00a0dne\u0161n\u00ed dob\u011b se za\u010d\u00edn\u00e1 vracet i do v\u011bt\u0161\u00edch m\u011bst.Jestli\u017ee byste se r\u00e1di bl\u00ed\u017ee sezn\u00e1mili s\u00a0kulturn\u00edmi tradicemi na\u0161ich p\u0159edk\u016f, pak m\u00e1te ur\u010dit\u011b mo\u017enost. M\u016f\u017eete zkusit nav\u0161t\u00edvit skanzen, kde si m\u016f\u017eete v\u0161e prohl\u00e9dnout. Jedn\u00edm ze skanzen\u016f, kter\u00fd mus\u00edte ur\u010dit\u011b nav\u0161t\u00edvit, je ten, kter\u00fd se nach\u00e1z\u00ed v\u00a0P\u0159erov\u011b nad Labem.                                                                                                                                                                                                                                                                                                                                                                                        3.6\/5 - (7 votes)        "},{"@context":"https:\/\/schema.org\/","@type":"BreadcrumbList","itemListElement":[{"@type":"ListItem","position":1,"name":"Kultura na vesnic\u00edch","item":"https:\/\/www.vitka.cz\/kultura-na-vesnicich\/#breadcrumbitem"}]}]