[{"@context":"https:\/\/schema.org\/","@type":"Article","@id":"https:\/\/www.vitka.cz\/meli-by-ucitele-opravdu-dostavat-vetsi-plat\/#Article","mainEntityOfPage":"https:\/\/www.vitka.cz\/meli-by-ucitele-opravdu-dostavat-vetsi-plat\/","headline":"M\u011bli by u\u010ditel\u00e9 opravdu dost\u00e1vat v\u011bt\u0161\u00ed plat?","name":"M\u011bli by u\u010ditel\u00e9 opravdu dost\u00e1vat v\u011bt\u0161\u00ed plat?","description":"Ned\u00e1vno jsme si mohli pov\u0161imnout, \u017ee polovina \u0161kol se zapojila do st\u00e1vky za lep\u0161\u00ed platy zam\u011bstnanc\u016f ve \u0161koln\u00ed sf\u00e9\u0159e. Ob\u010dan\u00e9, kte\u0159\u00ed nejsou v u\u010ditelsk\u00e9m povol\u00e1n\u00ed&hellip;","datePublished":"2019-11-20","dateModified":"2023-06-08","author":{"@type":"Person","@id":"https:\/\/www.vitka.cz\/author\/#Person","name":"","url":"https:\/\/www.vitka.cz\/author\/","identifier":1,"image":{"@type":"ImageObject","@id":"https:\/\/secure.gravatar.com\/avatar\/4faace62981be50719be6a25151192978e6d585737a520836dcb98934de3bb45?s=96&d=mm&r=g","url":"https:\/\/secure.gravatar.com\/avatar\/4faace62981be50719be6a25151192978e6d585737a520836dcb98934de3bb45?s=96&d=mm&r=g","height":96,"width":96}},"publisher":{"@type":"Organization","name":"vitka.cz","logo":{"@type":"ImageObject","@id":"\/logo.png","url":"\/logo.png","width":600,"height":60}},"image":{"@type":"ImageObject","@id":"https:\/\/www.vitka.cz\/wp-content\/uploads\/img_a361172_w3703_t1574548039.jpg","url":"https:\/\/www.vitka.cz\/wp-content\/uploads\/img_a361172_w3703_t1574548039.jpg","height":0,"width":0},"url":"https:\/\/www.vitka.cz\/meli-by-ucitele-opravdu-dostavat-vetsi-plat\/","about":["Ekonomika"],"wordCount":491,"articleBody":"Ned\u00e1vno jsme si mohli pov\u0161imnout, \u017ee polovina \u0161kol se zapojila do st\u00e1vky za lep\u0161\u00ed platy zam\u011bstnanc\u016f ve \u0161koln\u00ed sf\u00e9\u0159e. Ob\u010dan\u00e9, kte\u0159\u00ed nejsou v u\u010ditelsk\u00e9m povol\u00e1n\u00ed tento krok sp\u00ed\u0161e kritizuj\u00ed. Podle nich maj\u00ed u\u010ditel\u00e9 dosta\u010duj\u00edc\u00ed plat. Kdy\u017e se zept\u00e1me osoby, kter\u00e1 je zam\u011bstn\u00e1na jako u\u010ditel, dozv\u00edme se, pro\u010d se vlastn\u011b rozhodli j\u00edt do st\u00e1vky. Zde jsou n\u011bkter\u00e9 d\u016fvody, jejich pro a proti.\t&nbsp;Pr\u00e1ce u\u010ditele je fyzicky, a hlavn\u011b psychicky vy\u010derp\u00e1vaj\u00edc\u00ed. \tTo, \u017ee je tato pr\u00e1ce vy\u010derp\u00e1vaj\u00edc\u00ed je bezesporu pravda. Ale jak\u00e1 pr\u00e1ce nen\u00ed? I kdy\u017e jste &quot;jenom&quot; \u00fa\u010detn\u00ed v kancel\u00e1\u0159i mus\u00edte \u010delit denn\u00edm v\u00fdzv\u00e1m, kter\u00e9 dok\u00e1\u017eou b\u00fdt stejn\u011b stresuj\u00edc\u00ed. Mus\u00edme ale pochopit, \u017ee v p\u0159\u00edpad\u011b u\u010ditelstv\u00ed se jedn\u00e1 o pr\u00e1ci s d\u011btmi (mnohdy nevychovan\u00fdmi), kter\u00e9 mus\u00edme zvl\u00e1dnout. Nemluv\u011b o donucen\u00ed d\u00edt\u011bte k pr\u00e1ci a studiu. Z tohoto pohledu maj\u00ed v\u00fdhodu u\u010ditel\u00e9 na st\u0159edn\u00edch a vysok\u00fdch \u0161kol\u00e1ch. Zde najdeme \u017e\u00e1ky, kte\u0159\u00ed maj\u00ed z\u00e1jem o studium (v\u011bt\u0161inou) a maj\u00ed z\u00e1libu v oboru, kter\u00fd si vybrali. Tak\u017ee u\u010ditel v hodin\u011b na z\u00e1kladn\u00ed \u0161kole zvl\u00e1dne pr\u00e1ci psychologa, poradce, rodi\u010de a v neposledn\u00ed \u0159ad\u011b u\u010ditele jako takov\u00e9ho.\t\tU\u010ditel\u00e9 maj\u00ed krat\u0161\u00ed pracovn\u00ed dobu? \tMnoho lid\u00ed si mysl\u00ed, \u017ee u\u010ditel m\u016f\u017ee ihned po ukon\u010den\u00ed vyu\u010dov\u00e1n\u00ed jet domu. N\u011bkte\u0159\u00ed u\u010ditel\u00e9 v jednom dnu u\u010d\u00ed t\u0159eba jen t\u0159i hodiny. Mnohdy se ale zapom\u00edn\u00e1 na v\u011bci, kter\u00e9 mus\u00ed tato osoba zvl\u00e1dnout i po vyu\u010dov\u00e1n\u00ed. Hlavn\u011b pokud se jedn\u00e1 o u\u010ditele t\u0159\u00eddn\u00edho, kter\u00fd m\u00e1 na starosti v\u0161echny omluvenky, t\u0159\u00eddn\u00ed knihu, mus\u00ed \u0159e\u0161it probl\u00e9my s rodi\u010di, administrativa&#8230; Toto v\u0161e dok\u00e1\u017ee u\u010ditele zam\u011bstnat klidn\u011b na n\u011bkolik hodin po vyu\u010dov\u00e1n\u00ed. Nemluv\u011b pak o dou\u010dov\u00e1n\u00ed, dekorace t\u0159\u00eddy, pl\u00e1nov\u00e1n\u00ed akc\u00ed a tak d\u00e1le. \tKdy\u017e jim p\u0159id\u00e1me, jak na tom bude zbytek st\u00e1tn\u00edho rozpo\u010dtu?\tSt\u00e1tn\u00ed rozpo\u010det je ur\u010dit\u00fd obnos pen\u011bz st\u00e1tu na jeden kalend\u00e1\u0159n\u00ed rok. mus\u00ed se rozd\u011blit mezi r\u016fzn\u00e1 ministerstva. Kdyby do\u0161lo ke zv\u00fd\u0161en\u00ed platu u\u010ditel\u016f, muselo by se zase ubrat v jin\u00fdch oblastech, nebo finance zanechat ale vyb\u00edrat v\u00edce od ob\u010dan\u016f. V\u0161e je se v\u0161\u00edm propojeno, co se t\u00fd\u010de \u010derp\u00e1n\u00ed ze st\u00e1tn\u00edho rozpo\u010dtu. Tak\u017ee se m\u016f\u017eeme setkat t\u0159eba se zv\u00fd\u0161en\u00edm spot\u0159ebn\u00ed dan\u011b (u cigaret, alkoholu)&#8230; \t&nbsp;Odpov\u011b\u010f na ot\u00e1zku, jestli u\u010ditel\u016fm p\u0159idat nebo ne, se t\u011bmito okolnostmi zd\u00e1 nejasn\u00e1.                                                                                                                                                                                                                                                                                                                                                                                        4.8\/5 - (9 votes)        "},{"@context":"https:\/\/schema.org\/","@type":"BreadcrumbList","itemListElement":[{"@type":"ListItem","position":1,"name":"M\u011bli by u\u010ditel\u00e9 opravdu dost\u00e1vat v\u011bt\u0161\u00ed plat?","item":"https:\/\/www.vitka.cz\/meli-by-ucitele-opravdu-dostavat-vetsi-plat\/#breadcrumbitem"}]}]