[{"@context":"https:\/\/schema.org\/","@type":"Blog","@id":"https:\/\/www.vitka.cz#Blog","headline":"Vitka","description":"\nHled\u00e1te web, kde to \u017eije? A kde to p\u0159itom ne\u017eije na v\u00e1\u0161 \u00fakor? Pak jsme tady pro v\u00e1s pr\u00e1v\u011b my. Pr\u00e1v\u011b my v\u00e1m toho hodn\u011b d\u00e1me, ani\u017e bychom za to n\u011bco cht\u011bli.","url":"https:\/\/www.vitka.cz","hasPart":[{"@type":"Article","@id":"https:\/\/www.vitka.cz\/nejbezpecnejsi-sedadlo-ve-vlaku\/","headline":"Nejbezpe\u010dn\u011bj\u0161\u00ed sedadlo ve vlaku","url":"https:\/\/www.vitka.cz\/nejbezpecnejsi-sedadlo-ve-vlaku\/","datePublished":"2023-06-08","dateModified":"2023-06-08","mainEntityOfPage":"https:\/\/www.vitka.cz\/nejbezpecnejsi-sedadlo-ve-vlaku\/","author":{"@type":"Person","@id":"https:\/\/www.vitka.cz\/author\/#Person","name":"","url":"https:\/\/www.vitka.cz\/author\/","identifier":1,"image":{"@type":"ImageObject","@id":"https:\/\/secure.gravatar.com\/avatar\/4faace62981be50719be6a25151192978e6d585737a520836dcb98934de3bb45?s=96&d=mm&r=g","url":"https:\/\/secure.gravatar.com\/avatar\/4faace62981be50719be6a25151192978e6d585737a520836dcb98934de3bb45?s=96&d=mm&r=g","height":96,"width":96}},"publisher":{"@type":"Organization","name":"vitka.cz","logo":{"@type":"ImageObject","@id":"\/logo.png","url":"\/logo.png","width":600,"height":60}},"image":{"@type":"ImageObject","@id":"https:\/\/www.vitka.cz\/wp-content\/uploads\/img_a299055_w2214_t1509126878.jpg","url":"https:\/\/www.vitka.cz\/wp-content\/uploads\/img_a299055_w2214_t1509126878.jpg","height":0,"width":0},"wordCount":482,"keywords":null},{"@type":"Article","@id":"https:\/\/www.vitka.cz\/presnost-nade-vse\/","headline":"P\u0159esnost nade v\u0161e","url":"https:\/\/www.vitka.cz\/presnost-nade-vse\/","datePublished":"2023-06-08","dateModified":"2023-06-08","mainEntityOfPage":"https:\/\/www.vitka.cz\/presnost-nade-vse\/","author":{"@type":"Person","@id":"https:\/\/www.vitka.cz\/author\/#Person","name":"","url":"https:\/\/www.vitka.cz\/author\/","identifier":1,"image":{"@type":"ImageObject","@id":"https:\/\/secure.gravatar.com\/avatar\/4faace62981be50719be6a25151192978e6d585737a520836dcb98934de3bb45?s=96&d=mm&r=g","url":"https:\/\/secure.gravatar.com\/avatar\/4faace62981be50719be6a25151192978e6d585737a520836dcb98934de3bb45?s=96&d=mm&r=g","height":96,"width":96}},"publisher":{"@type":"Organization","name":"vitka.cz","logo":{"@type":"ImageObject","@id":"\/logo.png","url":"\/logo.png","width":600,"height":60}},"image":{"@type":"ImageObject","@id":"https:\/\/www.vitka.cz\/wp-content\/uploads\/img_a298336_w2340_t1508732805.png","url":"https:\/\/www.vitka.cz\/wp-content\/uploads\/img_a298336_w2340_t1508732805.png","height":0,"width":0},"wordCount":584,"keywords":null},{"@type":"Article","@id":"https:\/\/www.vitka.cz\/skvela-hypoteka-bez-registru\/","headline":"Skv\u011bl\u00e1 hypot\u00e9ka bez registru","url":"https:\/\/www.vitka.cz\/skvela-hypoteka-bez-registru\/","datePublished":"2023-06-08","dateModified":"2023-06-08","mainEntityOfPage":"https:\/\/www.vitka.cz\/skvela-hypoteka-bez-registru\/","author":{"@type":"Person","@id":"https:\/\/www.vitka.cz\/author\/#Person","name":"","url":"https:\/\/www.vitka.cz\/author\/","identifier":1,"image":{"@type":"ImageObject","@id":"https:\/\/secure.gravatar.com\/avatar\/4faace62981be50719be6a25151192978e6d585737a520836dcb98934de3bb45?s=96&d=mm&r=g","url":"https:\/\/secure.gravatar.com\/avatar\/4faace62981be50719be6a25151192978e6d585737a520836dcb98934de3bb45?s=96&d=mm&r=g","height":96,"width":96}},"publisher":{"@type":"Organization","name":"vitka.cz","logo":{"@type":"ImageObject","@id":"\/logo.png","url":"\/logo.png","width":600,"height":60}},"image":null,"wordCount":493,"keywords":null},{"@type":"Article","@id":"https:\/\/www.vitka.cz\/vse-pod-kontrolou\/","headline":"V\u0161e pod kontrolou","url":"https:\/\/www.vitka.cz\/vse-pod-kontrolou\/","datePublished":"2023-04-30","dateModified":"2024-05-06","mainEntityOfPage":"https:\/\/www.vitka.cz\/vse-pod-kontrolou\/","author":{"@type":"Person","@id":"https:\/\/www.vitka.cz\/author\/#Person","name":"","url":"https:\/\/www.vitka.cz\/author\/","identifier":1,"image":{"@type":"ImageObject","@id":"https:\/\/secure.gravatar.com\/avatar\/4faace62981be50719be6a25151192978e6d585737a520836dcb98934de3bb45?s=96&d=mm&r=g","url":"https:\/\/secure.gravatar.com\/avatar\/4faace62981be50719be6a25151192978e6d585737a520836dcb98934de3bb45?s=96&d=mm&r=g","height":96,"width":96}},"publisher":{"@type":"Organization","name":"vitka.cz","logo":{"@type":"ImageObject","@id":"\/logo.png","url":"\/logo.png","width":600,"height":60}},"image":null,"wordCount":464,"keywords":null},{"@type":"Article","@id":"https:\/\/www.vitka.cz\/radi-budeme-o-vas-bytovy-dum-pecovat-spolecne-s-vami\/","headline":"R\u00e1di budeme o v\u00e1\u0161 bytov\u00fd d\u016fm pe\u010dovat spole\u010dn\u011b s v\u00e1mi","url":"https:\/\/www.vitka.cz\/radi-budeme-o-vas-bytovy-dum-pecovat-spolecne-s-vami\/","datePublished":"2023-03-24","dateModified":"2024-03-25","mainEntityOfPage":"https:\/\/www.vitka.cz\/radi-budeme-o-vas-bytovy-dum-pecovat-spolecne-s-vami\/","author":{"@type":"Person","@id":"https:\/\/www.vitka.cz\/author\/#Person","name":"","url":"https:\/\/www.vitka.cz\/author\/","identifier":1,"image":{"@type":"ImageObject","@id":"https:\/\/secure.gravatar.com\/avatar\/4faace62981be50719be6a25151192978e6d585737a520836dcb98934de3bb45?s=96&d=mm&r=g","url":"https:\/\/secure.gravatar.com\/avatar\/4faace62981be50719be6a25151192978e6d585737a520836dcb98934de3bb45?s=96&d=mm&r=g","height":96,"width":96}},"publisher":{"@type":"Organization","name":"vitka.cz","logo":{"@type":"ImageObject","@id":"\/logo.png","url":"\/logo.png","width":600,"height":60}},"image":null,"wordCount":481,"keywords":null},{"@type":"Article","@id":"https:\/\/www.vitka.cz\/jak-se-branit-elektrosmogu\/","headline":"Jak se br\u00e1nit elektrosmogu","url":"https:\/\/www.vitka.cz\/jak-se-branit-elektrosmogu\/","datePublished":"2023-02-17","dateModified":"2024-02-21","mainEntityOfPage":"https:\/\/www.vitka.cz\/jak-se-branit-elektrosmogu\/","author":{"@type":"Person","@id":"https:\/\/www.vitka.cz\/author\/#Person","name":"","url":"https:\/\/www.vitka.cz\/author\/","identifier":1,"image":{"@type":"ImageObject","@id":"https:\/\/secure.gravatar.com\/avatar\/4faace62981be50719be6a25151192978e6d585737a520836dcb98934de3bb45?s=96&d=mm&r=g","url":"https:\/\/secure.gravatar.com\/avatar\/4faace62981be50719be6a25151192978e6d585737a520836dcb98934de3bb45?s=96&d=mm&r=g","height":96,"width":96}},"publisher":{"@type":"Organization","name":"vitka.cz","logo":{"@type":"ImageObject","@id":"\/logo.png","url":"\/logo.png","width":600,"height":60}},"image":null,"wordCount":487,"keywords":null},{"@type":"Article","@id":"https:\/\/www.vitka.cz\/pro-pohodu-behem-menstruace\/","headline":"Pro pohodu b\u011bhem menstruace","url":"https:\/\/www.vitka.cz\/pro-pohodu-behem-menstruace\/","datePublished":"2023-02-13","dateModified":"2023-06-08","mainEntityOfPage":"https:\/\/www.vitka.cz\/pro-pohodu-behem-menstruace\/","author":{"@type":"Person","@id":"https:\/\/www.vitka.cz\/author\/#Person","name":"","url":"https:\/\/www.vitka.cz\/author\/","identifier":1,"image":{"@type":"ImageObject","@id":"https:\/\/secure.gravatar.com\/avatar\/4faace62981be50719be6a25151192978e6d585737a520836dcb98934de3bb45?s=96&d=mm&r=g","url":"https:\/\/secure.gravatar.com\/avatar\/4faace62981be50719be6a25151192978e6d585737a520836dcb98934de3bb45?s=96&d=mm&r=g","height":96,"width":96}},"publisher":{"@type":"Organization","name":"vitka.cz","logo":{"@type":"ImageObject","@id":"\/logo.png","url":"\/logo.png","width":600,"height":60}},"image":{"@type":"ImageObject","@id":"https:\/\/www.vitka.cz\/wp-content\/uploads\/pexels-alena-shekhovtcova-6995773_10_2.jpg","url":"https:\/\/www.vitka.cz\/wp-content\/uploads\/pexels-alena-shekhovtcova-6995773_10_2.jpg","height":0,"width":0},"wordCount":565,"keywords":null},{"@type":"Article","@id":"https:\/\/www.vitka.cz\/pozitivni-ucinky-kolagenu-na-lidske-telo\/","headline":"Pozitivn\u00ed \u00fa\u010dinky kolagenu na lidsk\u00e9 t\u011blo","url":"https:\/\/www.vitka.cz\/pozitivni-ucinky-kolagenu-na-lidske-telo\/","datePublished":"2023-02-13","dateModified":"2023-06-08","mainEntityOfPage":"https:\/\/www.vitka.cz\/pozitivni-ucinky-kolagenu-na-lidske-telo\/","author":{"@type":"Person","@id":"https:\/\/www.vitka.cz\/author\/#Person","name":"","url":"https:\/\/www.vitka.cz\/author\/","identifier":1,"image":{"@type":"ImageObject","@id":"https:\/\/secure.gravatar.com\/avatar\/4faace62981be50719be6a25151192978e6d585737a520836dcb98934de3bb45?s=96&d=mm&r=g","url":"https:\/\/secure.gravatar.com\/avatar\/4faace62981be50719be6a25151192978e6d585737a520836dcb98934de3bb45?s=96&d=mm&r=g","height":96,"width":96}},"publisher":{"@type":"Organization","name":"vitka.cz","logo":{"@type":"ImageObject","@id":"\/logo.png","url":"\/logo.png","width":600,"height":60}},"image":{"@type":"ImageObject","@id":"https:\/\/www.vitka.cz\/wp-content\/uploads\/bindi-g0cb21de3f_640_2.jpg","url":"https:\/\/www.vitka.cz\/wp-content\/uploads\/bindi-g0cb21de3f_640_2.jpg","height":0,"width":0},"wordCount":670,"keywords":null},{"@type":"Article","@id":"https:\/\/www.vitka.cz\/jak-nakupovat-skutecne-vyhodne\/","headline":"Jak nakupovat skute\u010dn\u011b v\u00fdhodn\u011b","url":"https:\/\/www.vitka.cz\/jak-nakupovat-skutecne-vyhodne\/","datePublished":"2023-02-10","dateModified":"2023-06-08","mainEntityOfPage":"https:\/\/www.vitka.cz\/jak-nakupovat-skutecne-vyhodne\/","author":{"@type":"Person","@id":"https:\/\/www.vitka.cz\/author\/#Person","name":"","url":"https:\/\/www.vitka.cz\/author\/","identifier":1,"image":{"@type":"ImageObject","@id":"https:\/\/secure.gravatar.com\/avatar\/4faace62981be50719be6a25151192978e6d585737a520836dcb98934de3bb45?s=96&d=mm&r=g","url":"https:\/\/secure.gravatar.com\/avatar\/4faace62981be50719be6a25151192978e6d585737a520836dcb98934de3bb45?s=96&d=mm&r=g","height":96,"width":96}},"publisher":{"@type":"Organization","name":"vitka.cz","logo":{"@type":"ImageObject","@id":"\/logo.png","url":"\/logo.png","width":600,"height":60}},"image":{"@type":"ImageObject","@id":"https:\/\/www.vitka.cz\/wp-content\/uploads\/nakup1.jpg","url":"https:\/\/www.vitka.cz\/wp-content\/uploads\/nakup1.jpg","height":0,"width":0},"wordCount":580,"keywords":null},{"@type":"Article","@id":"https:\/\/www.vitka.cz\/slavte-suchou-nohou\/","headline":"Slavte suchou nohou","url":"https:\/\/www.vitka.cz\/slavte-suchou-nohou\/","datePublished":"2023-02-10","dateModified":"2023-06-08","mainEntityOfPage":"https:\/\/www.vitka.cz\/slavte-suchou-nohou\/","author":{"@type":"Person","@id":"https:\/\/www.vitka.cz\/author\/#Person","name":"","url":"https:\/\/www.vitka.cz\/author\/","identifier":1,"image":{"@type":"ImageObject","@id":"https:\/\/secure.gravatar.com\/avatar\/4faace62981be50719be6a25151192978e6d585737a520836dcb98934de3bb45?s=96&d=mm&r=g","url":"https:\/\/secure.gravatar.com\/avatar\/4faace62981be50719be6a25151192978e6d585737a520836dcb98934de3bb45?s=96&d=mm&r=g","height":96,"width":96}},"publisher":{"@type":"Organization","name":"vitka.cz","logo":{"@type":"ImageObject","@id":"\/logo.png","url":"\/logo.png","width":600,"height":60}},"image":{"@type":"ImageObject","@id":"https:\/\/www.vitka.cz\/wp-content\/uploads\/party-5998464_640_9.jpg","url":"https:\/\/www.vitka.cz\/wp-content\/uploads\/party-5998464_640_9.jpg","height":0,"width":0},"wordCount":586,"keywords":null}]},{"@context":"https:\/\/schema.org","@type":"WebSite","@id":"https:\/\/www.vitka.cz\/#website","name":"Vitka","url":"https:\/\/www.vitka.cz","potentialAction":{"@type":"SearchAction","target":"https:\/\/www.vitka.cz\/?s={search_term_string}","query-input":"required name=search_term_string"}}]