[{"@context":"https:\/\/schema.org\/","@type":"Blog","@id":"https:\/\/www.vitka.cz#Blog","headline":"Vitka","description":"\nHled\u00e1te web, kde to \u017eije? A kde to p\u0159itom ne\u017eije na v\u00e1\u0161 \u00fakor? Pak jsme tady pro v\u00e1s pr\u00e1v\u011b my. Pr\u00e1v\u011b my v\u00e1m toho hodn\u011b d\u00e1me, ani\u017e bychom za to n\u011bco cht\u011bli.","url":"https:\/\/www.vitka.cz","hasPart":[{"@type":"Article","@id":"https:\/\/www.vitka.cz\/jsou-psi-vhodni-k-detem\/","headline":"Jsou psi vhodn\u00ed k d\u011btem?","url":"https:\/\/www.vitka.cz\/jsou-psi-vhodni-k-detem\/","datePublished":"2023-02-07","dateModified":"2023-06-08","mainEntityOfPage":"https:\/\/www.vitka.cz\/jsou-psi-vhodni-k-detem\/","author":{"@type":"Person","@id":"https:\/\/www.vitka.cz\/author\/#Person","name":"","url":"https:\/\/www.vitka.cz\/author\/","identifier":1,"image":{"@type":"ImageObject","@id":"https:\/\/secure.gravatar.com\/avatar\/4faace62981be50719be6a25151192978e6d585737a520836dcb98934de3bb45?s=96&d=mm&r=g","url":"https:\/\/secure.gravatar.com\/avatar\/4faace62981be50719be6a25151192978e6d585737a520836dcb98934de3bb45?s=96&d=mm&r=g","height":96,"width":96}},"publisher":{"@type":"Organization","name":"vitka.cz","logo":{"@type":"ImageObject","@id":"\/logo.png","url":"\/logo.png","width":600,"height":60}},"image":{"@type":"ImageObject","@id":"https:\/\/www.vitka.cz\/wp-content\/uploads\/pes3_3.jpg","url":"https:\/\/www.vitka.cz\/wp-content\/uploads\/pes3_3.jpg","height":0,"width":0},"wordCount":733,"keywords":null},{"@type":"Article","@id":"https:\/\/www.vitka.cz\/mate-oblibene-tricko\/","headline":"M\u00e1te obl\u00edben\u00e9 tri\u010dko?","url":"https:\/\/www.vitka.cz\/mate-oblibene-tricko\/","datePublished":"2022-09-13","dateModified":"2023-06-08","mainEntityOfPage":"https:\/\/www.vitka.cz\/mate-oblibene-tricko\/","author":{"@type":"Person","@id":"https:\/\/www.vitka.cz\/author\/#Person","name":"","url":"https:\/\/www.vitka.cz\/author\/","identifier":1,"image":{"@type":"ImageObject","@id":"https:\/\/secure.gravatar.com\/avatar\/4faace62981be50719be6a25151192978e6d585737a520836dcb98934de3bb45?s=96&d=mm&r=g","url":"https:\/\/secure.gravatar.com\/avatar\/4faace62981be50719be6a25151192978e6d585737a520836dcb98934de3bb45?s=96&d=mm&r=g","height":96,"width":96}},"publisher":{"@type":"Organization","name":"vitka.cz","logo":{"@type":"ImageObject","@id":"\/logo.png","url":"\/logo.png","width":600,"height":60}},"image":{"@type":"ImageObject","@id":"https:\/\/www.vitka.cz\/wp-content\/uploads\/blank-ge74c22c94_640.png","url":"https:\/\/www.vitka.cz\/wp-content\/uploads\/blank-ge74c22c94_640.png","height":0,"width":0},"wordCount":643,"keywords":null},{"@type":"Article","@id":"https:\/\/www.vitka.cz\/jak-krmit-kocky\/","headline":"Jak krmit ko\u010dky","url":"https:\/\/www.vitka.cz\/jak-krmit-kocky\/","datePublished":"2022-08-16","dateModified":"2023-06-08","mainEntityOfPage":"https:\/\/www.vitka.cz\/jak-krmit-kocky\/","author":{"@type":"Person","@id":"https:\/\/www.vitka.cz\/author\/#Person","name":"","url":"https:\/\/www.vitka.cz\/author\/","identifier":1,"image":{"@type":"ImageObject","@id":"https:\/\/secure.gravatar.com\/avatar\/4faace62981be50719be6a25151192978e6d585737a520836dcb98934de3bb45?s=96&d=mm&r=g","url":"https:\/\/secure.gravatar.com\/avatar\/4faace62981be50719be6a25151192978e6d585737a520836dcb98934de3bb45?s=96&d=mm&r=g","height":96,"width":96}},"publisher":{"@type":"Organization","name":"vitka.cz","logo":{"@type":"ImageObject","@id":"\/logo.png","url":"\/logo.png","width":600,"height":60}},"image":{"@type":"ImageObject","@id":"https:\/\/www.vitka.cz\/wp-content\/uploads\/cat-551554_960_720.jpg","url":"https:\/\/www.vitka.cz\/wp-content\/uploads\/cat-551554_960_720.jpg","height":0,"width":0},"wordCount":625,"keywords":null},{"@type":"Article","@id":"https:\/\/www.vitka.cz\/podzim\/","headline":"Podzim","url":"https:\/\/www.vitka.cz\/podzim\/","datePublished":"2022-07-09","dateModified":"2023-07-21","mainEntityOfPage":"https:\/\/www.vitka.cz\/podzim\/","author":{"@type":"Person","@id":"https:\/\/www.vitka.cz\/author\/#Person","name":"","url":"https:\/\/www.vitka.cz\/author\/","identifier":1,"image":{"@type":"ImageObject","@id":"https:\/\/secure.gravatar.com\/avatar\/4faace62981be50719be6a25151192978e6d585737a520836dcb98934de3bb45?s=96&d=mm&r=g","url":"https:\/\/secure.gravatar.com\/avatar\/4faace62981be50719be6a25151192978e6d585737a520836dcb98934de3bb45?s=96&d=mm&r=g","height":96,"width":96}},"publisher":{"@type":"Organization","name":"vitka.cz","logo":{"@type":"ImageObject","@id":"\/logo.png","url":"\/logo.png","width":600,"height":60}},"image":{"@type":"ImageObject","@id":"https:\/\/www.vitka.cz\/wp-content\/uploads\/road-g57db5aacc_640.jpg","url":"https:\/\/www.vitka.cz\/wp-content\/uploads\/road-g57db5aacc_640.jpg","height":0,"width":0},"wordCount":667,"keywords":null},{"@type":"Article","@id":"https:\/\/www.vitka.cz\/co-musite-navstivit-v-los-angeles\/","headline":"Co mus\u00edte nav\u0161t\u00edvit v Los Angeles?","url":"https:\/\/www.vitka.cz\/co-musite-navstivit-v-los-angeles\/","datePublished":"2022-06-03","dateModified":"2023-06-08","mainEntityOfPage":"https:\/\/www.vitka.cz\/co-musite-navstivit-v-los-angeles\/","author":{"@type":"Person","@id":"https:\/\/www.vitka.cz\/author\/#Person","name":"","url":"https:\/\/www.vitka.cz\/author\/","identifier":1,"image":{"@type":"ImageObject","@id":"https:\/\/secure.gravatar.com\/avatar\/4faace62981be50719be6a25151192978e6d585737a520836dcb98934de3bb45?s=96&d=mm&r=g","url":"https:\/\/secure.gravatar.com\/avatar\/4faace62981be50719be6a25151192978e6d585737a520836dcb98934de3bb45?s=96&d=mm&r=g","height":96,"width":96}},"publisher":{"@type":"Organization","name":"vitka.cz","logo":{"@type":"ImageObject","@id":"\/logo.png","url":"\/logo.png","width":600,"height":60}},"image":{"@type":"ImageObject","@id":"https:\/\/www.vitka.cz\/wp-content\/uploads\/pexels-roberto-nickson-2525903.jpg","url":"https:\/\/www.vitka.cz\/wp-content\/uploads\/pexels-roberto-nickson-2525903.jpg","height":0,"width":0},"wordCount":837,"keywords":null},{"@type":"Article","@id":"https:\/\/www.vitka.cz\/vyklizeni-bytu-s-privesnym-vozikem-zvladnete-behem-par-hodin\/","headline":"Vyklizen\u00ed bytu s p\u0159\u00edv\u011bsn\u00fdm voz\u00edkem zvl\u00e1dnete b\u011bhem p\u00e1r hodin","url":"https:\/\/www.vitka.cz\/vyklizeni-bytu-s-privesnym-vozikem-zvladnete-behem-par-hodin\/","datePublished":"2022-05-23","dateModified":"2023-06-08","mainEntityOfPage":"https:\/\/www.vitka.cz\/vyklizeni-bytu-s-privesnym-vozikem-zvladnete-behem-par-hodin\/","author":{"@type":"Person","@id":"https:\/\/www.vitka.cz\/author\/#Person","name":"","url":"https:\/\/www.vitka.cz\/author\/","identifier":1,"image":{"@type":"ImageObject","@id":"https:\/\/secure.gravatar.com\/avatar\/4faace62981be50719be6a25151192978e6d585737a520836dcb98934de3bb45?s=96&d=mm&r=g","url":"https:\/\/secure.gravatar.com\/avatar\/4faace62981be50719be6a25151192978e6d585737a520836dcb98934de3bb45?s=96&d=mm&r=g","height":96,"width":96}},"publisher":{"@type":"Organization","name":"vitka.cz","logo":{"@type":"ImageObject","@id":"\/logo.png","url":"\/logo.png","width":600,"height":60}},"image":{"@type":"ImageObject","@id":"https:\/\/www.vitka.cz\/wp-content\/uploads\/trailer-hitch-1598685_640_2.jpg","url":"https:\/\/www.vitka.cz\/wp-content\/uploads\/trailer-hitch-1598685_640_2.jpg","height":0,"width":0},"wordCount":631,"keywords":null},{"@type":"Article","@id":"https:\/\/www.vitka.cz\/krasny-chrup\/","headline":"Kr\u00e1sn\u00fd chrup","url":"https:\/\/www.vitka.cz\/krasny-chrup\/","datePublished":"2022-05-07","dateModified":"2023-12-20","mainEntityOfPage":"https:\/\/www.vitka.cz\/krasny-chrup\/","author":{"@type":"Person","@id":"https:\/\/www.vitka.cz\/author\/#Person","name":"","url":"https:\/\/www.vitka.cz\/author\/","identifier":1,"image":{"@type":"ImageObject","@id":"https:\/\/secure.gravatar.com\/avatar\/4faace62981be50719be6a25151192978e6d585737a520836dcb98934de3bb45?s=96&d=mm&r=g","url":"https:\/\/secure.gravatar.com\/avatar\/4faace62981be50719be6a25151192978e6d585737a520836dcb98934de3bb45?s=96&d=mm&r=g","height":96,"width":96}},"publisher":{"@type":"Organization","name":"vitka.cz","logo":{"@type":"ImageObject","@id":"\/logo.png","url":"\/logo.png","width":600,"height":60}},"image":{"@type":"ImageObject","@id":"https:\/\/www.vitka.cz\/wp-content\/uploads\/wedding-dress-1486260_640_2.jpg","url":"https:\/\/www.vitka.cz\/wp-content\/uploads\/wedding-dress-1486260_640_2.jpg","height":0,"width":0},"wordCount":581,"keywords":null},{"@type":"Article","@id":"https:\/\/www.vitka.cz\/leky-pro-muze\/","headline":"L\u00e9ky pro mu\u017ee","url":"https:\/\/www.vitka.cz\/leky-pro-muze\/","datePublished":"2022-05-07","dateModified":"2023-06-08","mainEntityOfPage":"https:\/\/www.vitka.cz\/leky-pro-muze\/","author":{"@type":"Person","@id":"https:\/\/www.vitka.cz\/author\/#Person","name":"","url":"https:\/\/www.vitka.cz\/author\/","identifier":1,"image":{"@type":"ImageObject","@id":"https:\/\/secure.gravatar.com\/avatar\/4faace62981be50719be6a25151192978e6d585737a520836dcb98934de3bb45?s=96&d=mm&r=g","url":"https:\/\/secure.gravatar.com\/avatar\/4faace62981be50719be6a25151192978e6d585737a520836dcb98934de3bb45?s=96&d=mm&r=g","height":96,"width":96}},"publisher":{"@type":"Organization","name":"vitka.cz","logo":{"@type":"ImageObject","@id":"\/logo.png","url":"\/logo.png","width":600,"height":60}},"image":{"@type":"ImageObject","@id":"https:\/\/www.vitka.cz\/wp-content\/uploads\/pexels-moose-photos-1586996_1.jpg","url":"https:\/\/www.vitka.cz\/wp-content\/uploads\/pexels-moose-photos-1586996_1.jpg","height":0,"width":0},"wordCount":590,"keywords":null},{"@type":"Article","@id":"https:\/\/www.vitka.cz\/zasadnim-krokem-uspesneho-stehovani-je-jeho-vcasna-priprava\/","headline":"Z\u00e1sadn\u00edm krokem \u00fasp\u011b\u0161n\u00e9ho st\u011bhov\u00e1n\u00ed je jeho v\u010dasn\u00e1 p\u0159\u00edprava","url":"https:\/\/www.vitka.cz\/zasadnim-krokem-uspesneho-stehovani-je-jeho-vcasna-priprava\/","datePublished":"2022-04-09","dateModified":"2022-04-09","mainEntityOfPage":"https:\/\/www.vitka.cz\/zasadnim-krokem-uspesneho-stehovani-je-jeho-vcasna-priprava\/","author":{"@type":"Person","@id":"https:\/\/www.vitka.cz\/author\/#Person","name":"","url":"https:\/\/www.vitka.cz\/author\/","identifier":1,"image":{"@type":"ImageObject","@id":"https:\/\/secure.gravatar.com\/avatar\/4faace62981be50719be6a25151192978e6d585737a520836dcb98934de3bb45?s=96&d=mm&r=g","url":"https:\/\/secure.gravatar.com\/avatar\/4faace62981be50719be6a25151192978e6d585737a520836dcb98934de3bb45?s=96&d=mm&r=g","height":96,"width":96}},"publisher":{"@type":"Organization","name":"vitka.cz","logo":{"@type":"ImageObject","@id":"\/logo.png","url":"\/logo.png","width":600,"height":60}},"image":{"@type":"ImageObject","@id":"https:\/\/www.vitka.cz\/wp-content\/uploads\/carton-4399301_640.png","url":"https:\/\/www.vitka.cz\/wp-content\/uploads\/carton-4399301_640.png","height":0,"width":0},"wordCount":559,"keywords":null},{"@type":"Article","@id":"https:\/\/www.vitka.cz\/zajimave-napady-na-ketegorie-ze-kterych-lze-vybirat-reklamni-a-darkove-predmety\/","headline":"Zaj\u00edmav\u00e9 n\u00e1pady na ketegorie ze kter\u00fdch lze vyb\u00edrat reklamn\u00ed a d\u00e1rkov\u00e9 p\u0159edm\u011bty","url":"https:\/\/www.vitka.cz\/zajimave-napady-na-ketegorie-ze-kterych-lze-vybirat-reklamni-a-darkove-predmety\/","datePublished":"2022-04-03","dateModified":"2023-06-08","mainEntityOfPage":"https:\/\/www.vitka.cz\/zajimave-napady-na-ketegorie-ze-kterych-lze-vybirat-reklamni-a-darkove-predmety\/","author":{"@type":"Person","@id":"https:\/\/www.vitka.cz\/author\/#Person","name":"","url":"https:\/\/www.vitka.cz\/author\/","identifier":1,"image":{"@type":"ImageObject","@id":"https:\/\/secure.gravatar.com\/avatar\/4faace62981be50719be6a25151192978e6d585737a520836dcb98934de3bb45?s=96&d=mm&r=g","url":"https:\/\/secure.gravatar.com\/avatar\/4faace62981be50719be6a25151192978e6d585737a520836dcb98934de3bb45?s=96&d=mm&r=g","height":96,"width":96}},"publisher":{"@type":"Organization","name":"vitka.cz","logo":{"@type":"ImageObject","@id":"\/logo.png","url":"\/logo.png","width":600,"height":60}},"image":{"@type":"ImageObject","@id":"https:\/\/www.vitka.cz\/wp-content\/uploads\/bag-gbf4d72517_640_1.jpg","url":"https:\/\/www.vitka.cz\/wp-content\/uploads\/bag-gbf4d72517_640_1.jpg","height":0,"width":0},"wordCount":702,"keywords":null}]},{"@context":"https:\/\/schema.org","@type":"WebSite","@id":"https:\/\/www.vitka.cz\/#website","name":"Vitka","url":"https:\/\/www.vitka.cz","potentialAction":{"@type":"SearchAction","target":"https:\/\/www.vitka.cz\/?s={search_term_string}","query-input":"required name=search_term_string"}}]