[{"@context":"https:\/\/schema.org\/","@type":"Article","@id":"https:\/\/www.vitka.cz\/uzit-si-dovolenou\/#Article","mainEntityOfPage":"https:\/\/www.vitka.cz\/uzit-si-dovolenou\/","headline":"U\u017e\u00edt si dovolenou","name":"U\u017e\u00edt si dovolenou","description":"Venku po\u0161mourn\u00fd den, slunce schovan\u00e9 za mraky, ve m\u011bst\u011b zbytky \u0161pinav\u00e9ho sn\u011bhu, pot\u0159ebujete si zlep\u0161it n\u00e1ladu? Co takhle napl\u00e1novat si letn\u00ed dovolenou? M\u00e1te r\u00e1di aktivn\u00ed&hellip;","datePublished":"2022-01-17","dateModified":"2023-06-08","author":{"@type":"Person","@id":"https:\/\/www.vitka.cz\/author\/#Person","name":"","url":"https:\/\/www.vitka.cz\/author\/","identifier":1,"image":{"@type":"ImageObject","@id":"https:\/\/secure.gravatar.com\/avatar\/4faace62981be50719be6a25151192978e6d585737a520836dcb98934de3bb45?s=96&d=mm&r=g","url":"https:\/\/secure.gravatar.com\/avatar\/4faace62981be50719be6a25151192978e6d585737a520836dcb98934de3bb45?s=96&d=mm&r=g","height":96,"width":96}},"publisher":{"@type":"Organization","name":"vitka.cz","logo":{"@type":"ImageObject","@id":"\/logo.png","url":"\/logo.png","width":600,"height":60}},"image":{"@type":"ImageObject","@id":"https:\/\/www.vitka.cz\/wp-content\/uploads\/bikes-g4945f357f_640.jpg","url":"https:\/\/www.vitka.cz\/wp-content\/uploads\/bikes-g4945f357f_640.jpg","height":0,"width":0},"url":"https:\/\/www.vitka.cz\/uzit-si-dovolenou\/","about":["Business"],"wordCount":395,"articleBody":"    Venku po\u0161mourn\u00fd den, slunce schovan\u00e9 za mraky, ve m\u011bst\u011b zbytky \u0161pinav\u00e9ho sn\u011bhu, pot\u0159ebujete si zlep\u0161it n\u00e1ladu? Co takhle napl\u00e1novat si letn\u00ed dovolenou? M\u00e1te r\u00e1di aktivn\u00ed dovolenou nebo pracujete t\u011b\u017ece manu\u00e1ln\u011b a dovolenou pot\u0159ebujete na pasivn\u00ed odpo\u010d\u00edv\u00e1n\u00ed a nabr\u00e1n\u00ed nov\u00fdch sil? Nab\u00edz\u00edme v\u00e1m neokoukan\u00fd kus p\u0159\u00edrody v oblasti mezi Orlick\u00fdmi horami, Kr\u00e1lick\u00fdm Sn\u011b\u017en\u00edkem a Jesen\u00edky. Str\u00e1vit voln\u00fd \u010das Hpapartmany, a\u0165 aktivn\u00ed dovolen\u00e1 nebo pasivn\u00ed, v\u0161ichni si zde najdou vy\u017eit\u00ed.Jste cyklista? Apartm\u00e1ny jsou v bl\u00edzkosti lanovky Bukov\u00e1 hora. Pokud hled\u00e1te adrenalinov\u00e9 sjezdy, nen\u00ed nic snaz\u0161\u00edho ne\u017e lanovku vyu\u017e\u00edt k vyvezen\u00ed se nahoru a u\u017e\u00edvat si sjezdy na kole. Lanovku vyu\u017eij\u00ed i cyklisti, kte\u0159\u00ed cht\u011bj\u00ed co nejv\u00edc prozkoumat cel\u00e9 okol\u00ed, tak\u017ee u\u0161et\u0159\u00ed s\u00edly na vy\u0161lap\u00e1n\u00ed do kopce a pak se projedou po vrcholc\u00edch kopc\u016f po nes\u010detn\u00fdch cyklostezk\u00e1ch.P\u011b\u0161\u00ed turist\u00e9 mohou prochodit celou oblast Kr\u00e1lick\u00e9ho Sn\u011b\u017en\u00edku nebo vyrazit i na Jesenick\u00e9 vrcholy. Oboj\u00ed je v p\u0159\u00edjemn\u00e9 dojezdov\u00e9 vzd\u00e1lenosti autem.Po\u010das\u00ed neovlivn\u00edte, a tak je mo\u017en\u00e9, \u017ee v\u00e1m bohu\u017eel n\u011bjak\u00fd den dovolen\u00e9 bude pr\u0161et. M\u016f\u017eete z\u016fstat v pohodl\u00ed apartm\u00e1nu a leno\u0161it. I to pat\u0159\u00ed ke spr\u00e1vn\u00e9 dovolen\u00e9, ale tak\u00e9 m\u016f\u017eete vyrazit do term\u00e1ln\u00edch l\u00e1zn\u00ed Velk\u00e9 Losiny. I v bl\u00edzk\u00e9m resortu Doln\u00ed Morava najdete wellness, kde se d\u00e1 p\u0159\u00edjemn\u011b str\u00e1vit den. Doln\u00ed Morava je rychle se rozv\u00edjej\u00edc\u00ed se resort, a tak ur\u010dit\u011b ocen\u00edte, \u017ee je bl\u00edzko pro n\u00e1v\u0161t\u011bvu, ale daleko od davu lid\u00ed, kter\u00fd tam p\u0159es l\u00e9to proud\u00ed.Dop\u0159ejte si prima dovolenou na \u010desk\u00fdch hor\u00e1ch, kde, kdy\u017e nebudete cht\u00edt, nemus\u00edte potkat ani \u017eiv\u00e1\u010dka. Nedocen\u011bn\u00e9 m\u00edsto na rozhran\u00ed \u010cech a Moravy, kter\u00e9 zat\u00edm nen\u00ed turistick\u00fdm ruchem dot\u010den\u00e9, a proto si tady vychutn\u00e1te klid a pohodu. Dovolen\u00e1 v t\u011bchto kon\u010din\u00e1ch spln\u00ed na sto procent sv\u016fj \u00fa\u010del. Do sv\u00fdch domov\u016f se vr\u00e1t\u00edte s hromadou z\u00e1\u017eitk\u016f a odpo\u010dinut\u00ed se budete moct vr\u00e1tit ke sv\u00fdm povinnostem.                                                                                                                                                                                                                                                                                                                                                                                         3.9\/5 - (8 votes)        "},{"@context":"https:\/\/schema.org\/","@type":"BreadcrumbList","itemListElement":[{"@type":"ListItem","position":1,"name":"U\u017e\u00edt si dovolenou","item":"https:\/\/www.vitka.cz\/uzit-si-dovolenou\/#breadcrumbitem"}]}]