[{"@context":"https:\/\/schema.org\/","@type":"Article","@id":"https:\/\/www.vitka.cz\/vas-prvni-den-v-novem-zamestnani\/#Article","mainEntityOfPage":"https:\/\/www.vitka.cz\/vas-prvni-den-v-novem-zamestnani\/","headline":"V\u00e1\u0161 prvn\u00ed den v nov\u00e9m zam\u011bstn\u00e1n\u00ed","name":"V\u00e1\u0161 prvn\u00ed den v nov\u00e9m zam\u011bstn\u00e1n\u00ed","description":"Mo\u017en\u00e1 jste se setkali se statistikou a v\u00e1\u0161 \u0161est\u00fd p\u0159ij\u00edmac\u00ed pohovor byl \u00fasp\u011b\u0161n\u00fd. Je statisticky dok\u00e1z\u00e1no, \u017ee zpravidla a\u017e \u0161est\u00e9 p\u0159ij\u00edmac\u00ed \u0159\u00edzen\u00ed b\u00fdv\u00e1 \u00fasp\u011b\u0161n\u00e9. Za\u0159izujete&hellip;","datePublished":"2023-06-08","dateModified":"2023-06-08","author":{"@type":"Person","@id":"https:\/\/www.vitka.cz\/author\/#Person","name":"","url":"https:\/\/www.vitka.cz\/author\/","identifier":1,"image":{"@type":"ImageObject","@id":"https:\/\/secure.gravatar.com\/avatar\/4faace62981be50719be6a25151192978e6d585737a520836dcb98934de3bb45?s=96&d=mm&r=g","url":"https:\/\/secure.gravatar.com\/avatar\/4faace62981be50719be6a25151192978e6d585737a520836dcb98934de3bb45?s=96&d=mm&r=g","height":96,"width":96}},"publisher":{"@type":"Organization","name":"vitka.cz","logo":{"@type":"ImageObject","@id":"\/logo.png","url":"\/logo.png","width":600,"height":60}},"image":{"@type":"ImageObject","@id":"https:\/\/www.vitka.cz\/wp-content\/uploads\/img_a315730_w1975_t1526587551.jpg","url":"https:\/\/www.vitka.cz\/wp-content\/uploads\/img_a315730_w1975_t1526587551.jpg","height":0,"width":0},"url":"https:\/\/www.vitka.cz\/vas-prvni-den-v-novem-zamestnani\/","wordCount":605,"articleBody":"Mo\u017en\u00e1 jste se setkali se statistikou a v\u00e1\u0161 \u0161est\u00fd p\u0159ij\u00edmac\u00ed pohovor byl \u00fasp\u011b\u0161n\u00fd. Je statisticky dok\u00e1z\u00e1no, \u017ee zpravidla a\u017e \u0161est\u00e9 p\u0159ij\u00edmac\u00ed \u0159\u00edzen\u00ed b\u00fdv\u00e1 \u00fasp\u011b\u0161n\u00e9. Za\u0159izujete si n\u00e1stupn\u00ed formul\u00e1\u0159e, l\u00e9ka\u0159skou vstupn\u00ed prohl\u00eddku a p\u0159ipravujete se na v\u00e1\u0161 prvn\u00ed den v\u00a0nov\u00e9m zam\u011bstn\u00e1n\u00ed.Je to pro v\u00e1s op\u011bt zm\u011bna. Pakli\u017ee m\u00e1te \u0161t\u011bst\u00ed, p\u0159ech\u00e1z\u00edte z\u00a0jednoho ukon\u010den\u00e9ho pracovn\u00edho pom\u011bru do druh\u00e9ho a plynule navazujete. Trochu hor\u0161\u00ed je situace, pokud jste byli nezam\u011bstnan\u00ed del\u0161\u00ed dobu. \u010clov\u011bk automaticky postupn\u011b ztr\u00e1c\u00ed pracovn\u00ed n\u00e1vyky a nen\u00ed se \u010demu divit. Nikdo v\u00e1s nehon\u00ed do pr\u00e1ce, vst\u00e1vat m\u016f\u017eete, kdy se v\u00e1m zl\u00edb\u00ed, co neud\u011bl\u00e1te dnes, ud\u011bl\u00e1te z\u00edtra a takto to jde den ode dne. Na pohodl\u00ed si \u010dlov\u011bk zvyk\u00e1 lehko a snadno.Rozumn\u00e9 je proto si pro p\u0159\u00edpad nezam\u011bstnanosti nastavit pravidla, kter\u00e9 budete dodr\u017eovat.Pravideln\u00e9 vst\u00e1v\u00e1n\u00ed v\u00a0ur\u010denou dobu, pravideln\u00fd re\u017eim, kter\u00fd zohled\u0148uje samoz\u0159ejm\u011b i hled\u00e1n\u00ed zam\u011bstn\u00e1n\u00ed, a to r\u016fznou formou. M\u016f\u017eete surfovat po internetu, sch\u00e1zet se se sv\u00fdmi kamar\u00e1dy, zn\u00e1m\u00fdmi, d\u00e1vat o sob\u011b v\u011bd\u011bt, doch\u00e1zet na \u00fa\u0159ad pr\u00e1ce, obch\u00e1zet potencion\u00e1ln\u00ed zam\u011bstnavatele s\u00a0p\u0159ipraven\u00fdm \u017eivotopisem.Pakli\u017ee m\u00e1te nastaven pravideln\u00fd rytmus, je pak pro v\u00e1s, i p\u0159i del\u0161\u00ed dob\u011b nezam\u011bstnanosti, snaz\u0161\u00ed n\u00e1stup do nov\u00e9ho zam\u011bstn\u00e1n\u00ed, proto\u017ee jste se udr\u017eovali v\u00a0ur\u010dit\u00e9m \u201enap\u011bt\u00ed\u201c.A to v\u0161e p\u0159ineslo \u00fasp\u011bch a vy z\u00edtra nastupujete do nov\u00e9ho zam\u011bstn\u00e1n\u00ed. Mo\u017en\u00e1 jste nerv\u00f3zn\u00ed anebo se i t\u011b\u0161\u00edte. Oboj\u00ed je v\u00a0po\u0159\u00e1dku.Pokud jste nerv\u00f3zn\u00ed, v\u011bzte, \u017ee nejste prvn\u00ed ani posledn\u00ed, je to zcela p\u0159irozen\u00e9. Nev\u00edte p\u0159esn\u011b, do \u010deho jdete, nezn\u00e1te kolegy, budete se u\u010dit novou pr\u00e1ci, nov\u00e9 syst\u00e9my \u0159\u00edzen\u00ed apod.Pokud jste nat\u011b\u0161en\u00ed, a\u010d se zd\u00e1 nelogick\u00e9, m\u016f\u017ee v\u00e1m to v\u00a0jist\u00e9m sm\u011bru ubl\u00ed\u017eit. Bu\u010fte nat\u011b\u0161eni, ale p\u0159im\u011b\u0159en\u011b, nehr\u0148te se do seznamov\u00e1n\u00ed s\u00a0kolegy s\u00a0nap\u0159a\u017eenou pravic\u00ed a stiskem s\u00edly bagru!Bu\u010fte mil\u00ed, vl\u00eddn\u00ed, usm\u00edvejte se. Rad\u011bji se kousn\u011bte do rtu, kdy\u017e budete cht\u00edt vyhrknout nep\u0159edlo\u017eenou v\u011btu, p\u0159em\u00fd\u0161lejte, ne\u017e odpov\u00edte. Pr\u00e1v\u011b nad\u0161en\u00ed v\u00e1s m\u016f\u017ee utlumit a leckdy prvn\u00ed den b\u00fdvaj\u00ed kolegov\u00e9 p\u0159ekvapeni, kdo\u017ee s\u00a0nimi bude v\u00a0n\u00e1sleduj\u00edc\u00edch dnech pracovat.Je zn\u00e1m\u00fd \u201evtip\u201c, kdy nov\u011b nastoupiv\u0161\u00ed nab\u00edzel bonbony koleg\u016fm, pan\u00ed je odm\u00edtla. H\u00fd\u0159il r\u00e1doby vtipn\u00fdmi anekdotami, kdy n\u011bkdo nep\u0159e\u017eil, zkr\u00e1tka na sebe strh\u00e1val pozornost.A v\u00a0duchu si \u0159\u00edkal, \u017ee kolegyn\u011b je namy\u0161len\u00e1, kdy\u017e si nevzala bonbon, pro\u010d na n\u011bho jin\u00fd kolega zahl\u00ed\u017e\u00ed, kam jsem se to dostal.A vysv\u011btlen\u00ed? Kolegyn\u011b je siln\u00e1 diabeti\u010dka, kolegovi se p\u0159ed t\u00fddnem p\u0159i autonehod\u011b zabil syn.V\u00edm, je to krut\u00e9, ale i to se stalo.Proto \u2013 bu\u010fte mil\u00ed, vl\u00eddn\u00ed, mluvte jen tehdy, m\u00e1te-li co a ne\u017e pozn\u00e1te sv\u00e9 kolegy, d\u016fsledn\u011b a pozorn\u011b naslouchejte. A pamatujte \u2013 mluviti st\u0159\u00edbro, ml\u010deti zlato.Alespo\u0148 pro prvn\u00ed dny ve va\u0161em nov\u00e9m zam\u011bstn\u00e1n\u00ed.Hodn\u011b \u0161t\u011bst\u00ed a empatie!                                                                                                                                                                                                                                                                                                                                                                                        4\/5 - (9 votes)        "},{"@context":"https:\/\/schema.org\/","@type":"BreadcrumbList","itemListElement":[{"@type":"ListItem","position":1,"name":"V\u00e1\u0161 prvn\u00ed den v nov\u00e9m zam\u011bstn\u00e1n\u00ed","item":"https:\/\/www.vitka.cz\/vas-prvni-den-v-novem-zamestnani\/#breadcrumbitem"}]}]